{"id":15730,"date":"2016-04-22T00:00:00","date_gmt":"2016-04-22T00:00:00","guid":{"rendered":"https:\/\/www.calpeda.com\/2023\/09\/27\/linnovazione-del-business-model-calpeda-tra-i-protagonisti-del-festival-citta-impresa\/"},"modified":"2023-10-06T12:46:26","modified_gmt":"2023-10-06T12:46:26","slug":"linnovazione-del-business-model-calpeda-tra-i-protagonisti-del-festival-citta-impresa","status":"publish","type":"post","link":"https:\/\/www.calpeda.com\/it\/2016\/04\/22\/linnovazione-del-business-model-calpeda-tra-i-protagonisti-del-festival-citta-impresa\/","title":{"rendered":"L&#8217;innovazione del business model: Calpeda tra i protagonisti del Festival Citt\u00e0 Impresa"},"content":{"rendered":"<p>Si \u00e8 da poco conclusa la nona edizione del <a href=\"http:\/\/www.festivalcittaimpresa.it\">Festival Citt\u00e0 Impresa<\/a> che per tre giorni, da venerd\u00ec 1 a domenica 3 aprile, ha visto Vicenza diventare punto d\u2019incontro e di dibattiti sulle questioni chiave dell\u2019economia e della societ\u00e0 contemporanee, sullo sviluppo delle imprese e dei territori.<\/p>\n<p>L\u2019evento \u00e8 stato promosso da\u00a0VeneziePost\u00a0e\u00a0dall&#8217;assessorato alla crescita del\u00a0Comune di Vicenza,\u00a0con la partnership di\u00a0Intesa Sanpaolo\u00a0e\u00a0Cassa di Risparmio del Veneto,\u00a0il patrocinio di\u00a0Fondazione Corriere della Sera,\u00a0main partner\u00a0Adacta e Autorit\u00e0 Portuale di Trieste.<\/p>\n<p>All\u2019interno del fitto programma di appuntamenti si sono alternati oltre un centinaio di relatori, tra cui quattro ministri \u2013\u00a0Pier Carlo Padoan, Maurizio Martina, Marianna Madia\u00a0e\u00a0Giuliano Poletti \u2013 numerosi imprenditori, opinionisti, sindaci di citt\u00e0 industriali, il direttore del Corriere della Sera Lucio Fontana e il direttore del tg La7 Enrico Mentana.<\/p>\n<p>Tra i protagonisti anche Calpeda, che ha preso parte all\u2019evento <strong>\u201cPensare e realizzare l\u2019innovazione del business model\u201d<\/strong>, organizzato dallo studio Adacta.<\/p>\n<p>Andrea Beretta Zanoni, director Adacta e docente di strategia aziendale presso l\u2019Universit\u00e0 degli Studi di Verona, ha moderato l\u2019incontro durante il quale hanno presentato l\u2019esperienza della propria realt\u00e0 aziendale Elio Marioni, fondatore Askoll, e Carlotta Lorenzi, responsabile pianificazione Strategica e Controllo di Gestione di Calpeda.<\/p>\n<p>\u201cLe motivazioni che ci hanno spinto a riflettere sull\u2019innovazione \u2013 spiega <strong>Carlotta Lorenzi<\/strong> \u2013 nascono innanzitutto dalla consapevolezza del cambiamento in atto. Se un tempo i prodotti si vendevano da soli, oggi, in un contesto com\u2019\u00e8 quello attuale dove tutto si muove velocemente, sono richieste sempre maggiori competenze a ogni livello. Per questo sarebbe riduttivo considerare l\u2019innovazione solo dal punto di vista tecnologico, quando invece deve necessariamente riguardare anche i processi e l\u2019organizzazione\u201d.<\/p>\n<p><strong>Come si costruisce, dunque, un business model innovativo?<\/strong><\/p>\n<p>\u201cPer quanto riguarda la nostra esperienza, possiamo individuare due spinte che si integrano e concorrono entrambe al raggiungimento del risultato. La prima viene dall\u2019alto ed \u00e8 la stesura di un piano strategico; l\u2019altra dal basso, ovvero l\u2019applicazione della metodologia \u201cgemba kaizen\u201d, che significa miglioramento continuo sul posto di lavoro\u201d.<\/p>\n<p><strong>\u00a0Perch\u00e9 \u00e8 importante stendere un piano strategico?<\/strong><\/p>\n<p>\u201cOgni imprenditore ha una strategia, ma solo se viene definita e resa esplicita pu\u00f2 essere anche condivisa. Questa \u00e8 la conditio sine qua non per poter raggiungere gli obiettivi. Spesso la principale difficolt\u00e0 \u00e8 proprio la resistenza al cambiamento che non pu\u00f2 certo essere imposto dall\u2019altro, se vogliamo parlare di risultati reali. L\u2019innovazione comporta piuttosto la capacit\u00e0 di attivare un cambiamento culturale e di coinvolgere le risorse umane dell\u2019azienda\u201d.<\/p>\n<p><a href=\"https:\/\/issuu.com\/nordesteuropa\/docs\/citt__impresa_programma_l?e=8008940\/34337870\">Festival Citt\u00e0 Impresa &#8211;\u00a0 il programma dell&#8217;evento<\/a><\/p>\n\n<p>&nbsp;<\/p>\n","protected":false},"excerpt":{"rendered":"<p>Si \u00e8 da poco conclusa la nona edizione del Festival Citt\u00e0 Impresa che per tre giorni, da venerd\u00ec 1 a domenica 3 aprile, ha visto Vicenza diventare punto d\u2019incontro e&#8230;<\/p>\n","protected":false},"author":1,"featured_media":15731,"comment_status":"open","ping_status":"open","sticky":false,"template":"","format":"standard","meta":{"footnotes":""},"categories":[1057],"tags":[148,1021,149,782],"class_list":{"0":"post-15730","1":"post","2":"type-post","3":"status-publish","4":"format-standard","5":"has-post-thumbnail","7":"category-news","8":"tag-business-model","9":"tag-calpeda-it","10":"tag-festival-citta-impresa","11":"tag-innovazione"},"yoast_head":"<!-- This site is optimized with the Yoast SEO plugin v27.5 - https:\/\/yoast.com\/product\/yoast-seo-wordpress\/ -->\n<title>L&#039;innovazione del business model: Calpeda tra i protagonisti del Festival Citt\u00e0 Impresa - Calpeda<\/title>\n<meta name=\"robots\" content=\"index, follow, max-snippet:-1, max-image-preview:large, max-video-preview:-1\" \/>\n<link rel=\"canonical\" href=\"https:\/\/www.calpeda.com\/it\/2016\/04\/22\/linnovazione-del-business-model-calpeda-tra-i-protagonisti-del-festival-citta-impresa\/\" \/>\n<meta property=\"og:locale\" content=\"it_IT\" \/>\n<meta property=\"og:type\" content=\"article\" \/>\n<meta property=\"og:title\" content=\"L&#039;innovazione del business model: Calpeda tra i protagonisti del Festival Citt\u00e0 Impresa - Calpeda\" \/>\n<meta property=\"og:description\" content=\"Si \u00e8 da poco conclusa la nona edizione del Festival Citt\u00e0 Impresa che per tre giorni, da venerd\u00ec 1 a domenica 3 aprile, ha visto Vicenza diventare punto d\u2019incontro e...\" \/>\n<meta property=\"og:url\" content=\"https:\/\/www.calpeda.com\/it\/2016\/04\/22\/linnovazione-del-business-model-calpeda-tra-i-protagonisti-del-festival-citta-impresa\/\" \/>\n<meta property=\"og:site_name\" content=\"Calpeda\" \/>\n<meta property=\"article:published_time\" content=\"2016-04-22T00:00:00+00:00\" \/>\n<meta property=\"article:modified_time\" content=\"2023-10-06T12:46:26+00:00\" \/>\n<meta property=\"og:image\" content=\"https:\/\/www.calpeda.com\/wp-content\/uploads\/2023\/09\/N0154-jpg.webp\" \/>\n\t<meta property=\"og:image:width\" content=\"800\" \/>\n\t<meta property=\"og:image:height\" content=\"595\" \/>\n\t<meta property=\"og:image:type\" content=\"image\/jpeg\" \/>\n<meta name=\"author\" content=\"Fabioproni\" \/>\n<meta name=\"twitter:card\" content=\"summary_large_image\" \/>\n<meta name=\"twitter:label1\" content=\"Scritto da\" \/>\n\t<meta name=\"twitter:data1\" content=\"Fabioproni\" \/>\n\t<meta name=\"twitter:label2\" content=\"Tempo di lettura stimato\" \/>\n\t<meta name=\"twitter:data2\" content=\"2 minuti\" \/>\n<script type=\"application\/ld+json\" class=\"yoast-schema-graph\">{\"@context\":\"https:\\\/\\\/schema.org\",\"@graph\":[{\"@type\":\"Article\",\"@id\":\"https:\\\/\\\/www.calpeda.com\\\/it\\\/2016\\\/04\\\/22\\\/linnovazione-del-business-model-calpeda-tra-i-protagonisti-del-festival-citta-impresa\\\/#article\",\"isPartOf\":{\"@id\":\"https:\\\/\\\/www.calpeda.com\\\/it\\\/2016\\\/04\\\/22\\\/linnovazione-del-business-model-calpeda-tra-i-protagonisti-del-festival-citta-impresa\\\/\"},\"author\":{\"name\":\"Fabioproni\",\"@id\":\"https:\\\/\\\/www.calpeda.com\\\/it\\\/#\\\/schema\\\/person\\\/3a4086ac4ffc9ec0bdde95c683fb4436\"},\"headline\":\"L&#8217;innovazione del business model: Calpeda tra i protagonisti del Festival Citt\u00e0 Impresa\",\"datePublished\":\"2016-04-22T00:00:00+00:00\",\"dateModified\":\"2023-10-06T12:46:26+00:00\",\"mainEntityOfPage\":{\"@id\":\"https:\\\/\\\/www.calpeda.com\\\/it\\\/2016\\\/04\\\/22\\\/linnovazione-del-business-model-calpeda-tra-i-protagonisti-del-festival-citta-impresa\\\/\"},\"wordCount\":479,\"commentCount\":0,\"publisher\":{\"@id\":\"https:\\\/\\\/www.calpeda.com\\\/it\\\/#organization\"},\"image\":{\"@id\":\"https:\\\/\\\/www.calpeda.com\\\/it\\\/2016\\\/04\\\/22\\\/linnovazione-del-business-model-calpeda-tra-i-protagonisti-del-festival-citta-impresa\\\/#primaryimage\"},\"thumbnailUrl\":\"https:\\\/\\\/www.calpeda.com\\\/wp-content\\\/uploads\\\/2023\\\/09\\\/N0154-jpg.webp\",\"keywords\":[\"business model\",\"Calpeda\",\"Festival Citt\u00e0 Impresa\",\"innovazione\"],\"articleSection\":[\"News\"],\"inLanguage\":\"it-IT\"},{\"@type\":\"WebPage\",\"@id\":\"https:\\\/\\\/www.calpeda.com\\\/it\\\/2016\\\/04\\\/22\\\/linnovazione-del-business-model-calpeda-tra-i-protagonisti-del-festival-citta-impresa\\\/\",\"url\":\"https:\\\/\\\/www.calpeda.com\\\/it\\\/2016\\\/04\\\/22\\\/linnovazione-del-business-model-calpeda-tra-i-protagonisti-del-festival-citta-impresa\\\/\",\"name\":\"L'innovazione del business model: Calpeda tra i protagonisti del Festival Citt\u00e0 Impresa - Calpeda\",\"isPartOf\":{\"@id\":\"https:\\\/\\\/www.calpeda.com\\\/it\\\/#website\"},\"primaryImageOfPage\":{\"@id\":\"https:\\\/\\\/www.calpeda.com\\\/it\\\/2016\\\/04\\\/22\\\/linnovazione-del-business-model-calpeda-tra-i-protagonisti-del-festival-citta-impresa\\\/#primaryimage\"},\"image\":{\"@id\":\"https:\\\/\\\/www.calpeda.com\\\/it\\\/2016\\\/04\\\/22\\\/linnovazione-del-business-model-calpeda-tra-i-protagonisti-del-festival-citta-impresa\\\/#primaryimage\"},\"thumbnailUrl\":\"https:\\\/\\\/www.calpeda.com\\\/wp-content\\\/uploads\\\/2023\\\/09\\\/N0154-jpg.webp\",\"datePublished\":\"2016-04-22T00:00:00+00:00\",\"dateModified\":\"2023-10-06T12:46:26+00:00\",\"breadcrumb\":{\"@id\":\"https:\\\/\\\/www.calpeda.com\\\/it\\\/2016\\\/04\\\/22\\\/linnovazione-del-business-model-calpeda-tra-i-protagonisti-del-festival-citta-impresa\\\/#breadcrumb\"},\"inLanguage\":\"it-IT\",\"potentialAction\":[{\"@type\":\"ReadAction\",\"target\":[\"https:\\\/\\\/www.calpeda.com\\\/it\\\/2016\\\/04\\\/22\\\/linnovazione-del-business-model-calpeda-tra-i-protagonisti-del-festival-citta-impresa\\\/\"]}]},{\"@type\":\"ImageObject\",\"inLanguage\":\"it-IT\",\"@id\":\"https:\\\/\\\/www.calpeda.com\\\/it\\\/2016\\\/04\\\/22\\\/linnovazione-del-business-model-calpeda-tra-i-protagonisti-del-festival-citta-impresa\\\/#primaryimage\",\"url\":\"https:\\\/\\\/www.calpeda.com\\\/wp-content\\\/uploads\\\/2023\\\/09\\\/N0154-jpg.webp\",\"contentUrl\":\"https:\\\/\\\/www.calpeda.com\\\/wp-content\\\/uploads\\\/2023\\\/09\\\/N0154-jpg.webp\",\"width\":800,\"height\":595},{\"@type\":\"BreadcrumbList\",\"@id\":\"https:\\\/\\\/www.calpeda.com\\\/it\\\/2016\\\/04\\\/22\\\/linnovazione-del-business-model-calpeda-tra-i-protagonisti-del-festival-citta-impresa\\\/#breadcrumb\",\"itemListElement\":[{\"@type\":\"ListItem\",\"position\":1,\"name\":\"Home\",\"item\":\"https:\\\/\\\/www.calpeda.com\\\/it\\\/\"},{\"@type\":\"ListItem\",\"position\":2,\"name\":\"L&#8217;innovazione del business model: Calpeda tra i protagonisti del Festival Citt\u00e0 Impresa\"}]},{\"@type\":\"WebSite\",\"@id\":\"https:\\\/\\\/www.calpeda.com\\\/it\\\/#website\",\"url\":\"https:\\\/\\\/www.calpeda.com\\\/it\\\/\",\"name\":\"Calpeda\",\"description\":\"\",\"publisher\":{\"@id\":\"https:\\\/\\\/www.calpeda.com\\\/it\\\/#organization\"},\"potentialAction\":[{\"@type\":\"SearchAction\",\"target\":{\"@type\":\"EntryPoint\",\"urlTemplate\":\"https:\\\/\\\/www.calpeda.com\\\/it\\\/?s={search_term_string}\"},\"query-input\":{\"@type\":\"PropertyValueSpecification\",\"valueRequired\":true,\"valueName\":\"search_term_string\"}}],\"inLanguage\":\"it-IT\"},{\"@type\":\"Organization\",\"@id\":\"https:\\\/\\\/www.calpeda.com\\\/it\\\/#organization\",\"name\":\"Calpeda\",\"url\":\"https:\\\/\\\/www.calpeda.com\\\/it\\\/\",\"logo\":{\"@type\":\"ImageObject\",\"inLanguage\":\"it-IT\",\"@id\":\"https:\\\/\\\/www.calpeda.com\\\/it\\\/#\\\/schema\\\/logo\\\/image\\\/\",\"url\":\"https:\\\/\\\/www.calpeda.com\\\/wp-content\\\/uploads\\\/2023\\\/05\\\/calpeda-logo.webp\",\"contentUrl\":\"https:\\\/\\\/www.calpeda.com\\\/wp-content\\\/uploads\\\/2023\\\/05\\\/calpeda-logo.webp\",\"width\":1949,\"height\":399,\"caption\":\"Calpeda\"},\"image\":{\"@id\":\"https:\\\/\\\/www.calpeda.com\\\/it\\\/#\\\/schema\\\/logo\\\/image\\\/\"}},{\"@type\":\"Person\",\"@id\":\"https:\\\/\\\/www.calpeda.com\\\/it\\\/#\\\/schema\\\/person\\\/3a4086ac4ffc9ec0bdde95c683fb4436\",\"name\":\"Fabioproni\",\"sameAs\":[\"https:\\\/\\\/www.calpeda.com\"]}]}<\/script>\n<!-- \/ Yoast SEO plugin. -->","yoast_head_json":{"title":"L'innovazione del business model: Calpeda tra i protagonisti del Festival Citt\u00e0 Impresa - Calpeda","robots":{"index":"index","follow":"follow","max-snippet":"max-snippet:-1","max-image-preview":"max-image-preview:large","max-video-preview":"max-video-preview:-1"},"canonical":"https:\/\/www.calpeda.com\/it\/2016\/04\/22\/linnovazione-del-business-model-calpeda-tra-i-protagonisti-del-festival-citta-impresa\/","og_locale":"it_IT","og_type":"article","og_title":"L'innovazione del business model: Calpeda tra i protagonisti del Festival Citt\u00e0 Impresa - Calpeda","og_description":"Si \u00e8 da poco conclusa la nona edizione del Festival Citt\u00e0 Impresa che per tre giorni, da venerd\u00ec 1 a domenica 3 aprile, ha visto Vicenza diventare punto d\u2019incontro e...","og_url":"https:\/\/www.calpeda.com\/it\/2016\/04\/22\/linnovazione-del-business-model-calpeda-tra-i-protagonisti-del-festival-citta-impresa\/","og_site_name":"Calpeda","article_published_time":"2016-04-22T00:00:00+00:00","article_modified_time":"2023-10-06T12:46:26+00:00","og_image":[{"width":800,"height":595,"url":"https:\/\/www.calpeda.com\/wp-content\/uploads\/2023\/09\/N0154-jpg.webp","type":"image\/jpeg"}],"author":"Fabioproni","twitter_card":"summary_large_image","twitter_misc":{"Scritto da":"Fabioproni","Tempo di lettura stimato":"2 minuti"},"schema":{"@context":"https:\/\/schema.org","@graph":[{"@type":"Article","@id":"https:\/\/www.calpeda.com\/it\/2016\/04\/22\/linnovazione-del-business-model-calpeda-tra-i-protagonisti-del-festival-citta-impresa\/#article","isPartOf":{"@id":"https:\/\/www.calpeda.com\/it\/2016\/04\/22\/linnovazione-del-business-model-calpeda-tra-i-protagonisti-del-festival-citta-impresa\/"},"author":{"name":"Fabioproni","@id":"https:\/\/www.calpeda.com\/it\/#\/schema\/person\/3a4086ac4ffc9ec0bdde95c683fb4436"},"headline":"L&#8217;innovazione del business model: Calpeda tra i protagonisti del Festival Citt\u00e0 Impresa","datePublished":"2016-04-22T00:00:00+00:00","dateModified":"2023-10-06T12:46:26+00:00","mainEntityOfPage":{"@id":"https:\/\/www.calpeda.com\/it\/2016\/04\/22\/linnovazione-del-business-model-calpeda-tra-i-protagonisti-del-festival-citta-impresa\/"},"wordCount":479,"commentCount":0,"publisher":{"@id":"https:\/\/www.calpeda.com\/it\/#organization"},"image":{"@id":"https:\/\/www.calpeda.com\/it\/2016\/04\/22\/linnovazione-del-business-model-calpeda-tra-i-protagonisti-del-festival-citta-impresa\/#primaryimage"},"thumbnailUrl":"https:\/\/www.calpeda.com\/wp-content\/uploads\/2023\/09\/N0154-jpg.webp","keywords":["business model","Calpeda","Festival Citt\u00e0 Impresa","innovazione"],"articleSection":["News"],"inLanguage":"it-IT"},{"@type":"WebPage","@id":"https:\/\/www.calpeda.com\/it\/2016\/04\/22\/linnovazione-del-business-model-calpeda-tra-i-protagonisti-del-festival-citta-impresa\/","url":"https:\/\/www.calpeda.com\/it\/2016\/04\/22\/linnovazione-del-business-model-calpeda-tra-i-protagonisti-del-festival-citta-impresa\/","name":"L'innovazione del business model: Calpeda tra i protagonisti del Festival Citt\u00e0 Impresa - Calpeda","isPartOf":{"@id":"https:\/\/www.calpeda.com\/it\/#website"},"primaryImageOfPage":{"@id":"https:\/\/www.calpeda.com\/it\/2016\/04\/22\/linnovazione-del-business-model-calpeda-tra-i-protagonisti-del-festival-citta-impresa\/#primaryimage"},"image":{"@id":"https:\/\/www.calpeda.com\/it\/2016\/04\/22\/linnovazione-del-business-model-calpeda-tra-i-protagonisti-del-festival-citta-impresa\/#primaryimage"},"thumbnailUrl":"https:\/\/www.calpeda.com\/wp-content\/uploads\/2023\/09\/N0154-jpg.webp","datePublished":"2016-04-22T00:00:00+00:00","dateModified":"2023-10-06T12:46:26+00:00","breadcrumb":{"@id":"https:\/\/www.calpeda.com\/it\/2016\/04\/22\/linnovazione-del-business-model-calpeda-tra-i-protagonisti-del-festival-citta-impresa\/#breadcrumb"},"inLanguage":"it-IT","potentialAction":[{"@type":"ReadAction","target":["https:\/\/www.calpeda.com\/it\/2016\/04\/22\/linnovazione-del-business-model-calpeda-tra-i-protagonisti-del-festival-citta-impresa\/"]}]},{"@type":"ImageObject","inLanguage":"it-IT","@id":"https:\/\/www.calpeda.com\/it\/2016\/04\/22\/linnovazione-del-business-model-calpeda-tra-i-protagonisti-del-festival-citta-impresa\/#primaryimage","url":"https:\/\/www.calpeda.com\/wp-content\/uploads\/2023\/09\/N0154-jpg.webp","contentUrl":"https:\/\/www.calpeda.com\/wp-content\/uploads\/2023\/09\/N0154-jpg.webp","width":800,"height":595},{"@type":"BreadcrumbList","@id":"https:\/\/www.calpeda.com\/it\/2016\/04\/22\/linnovazione-del-business-model-calpeda-tra-i-protagonisti-del-festival-citta-impresa\/#breadcrumb","itemListElement":[{"@type":"ListItem","position":1,"name":"Home","item":"https:\/\/www.calpeda.com\/it\/"},{"@type":"ListItem","position":2,"name":"L&#8217;innovazione del business model: Calpeda tra i protagonisti del Festival Citt\u00e0 Impresa"}]},{"@type":"WebSite","@id":"https:\/\/www.calpeda.com\/it\/#website","url":"https:\/\/www.calpeda.com\/it\/","name":"Calpeda","description":"","publisher":{"@id":"https:\/\/www.calpeda.com\/it\/#organization"},"potentialAction":[{"@type":"SearchAction","target":{"@type":"EntryPoint","urlTemplate":"https:\/\/www.calpeda.com\/it\/?s={search_term_string}"},"query-input":{"@type":"PropertyValueSpecification","valueRequired":true,"valueName":"search_term_string"}}],"inLanguage":"it-IT"},{"@type":"Organization","@id":"https:\/\/www.calpeda.com\/it\/#organization","name":"Calpeda","url":"https:\/\/www.calpeda.com\/it\/","logo":{"@type":"ImageObject","inLanguage":"it-IT","@id":"https:\/\/www.calpeda.com\/it\/#\/schema\/logo\/image\/","url":"https:\/\/www.calpeda.com\/wp-content\/uploads\/2023\/05\/calpeda-logo.webp","contentUrl":"https:\/\/www.calpeda.com\/wp-content\/uploads\/2023\/05\/calpeda-logo.webp","width":1949,"height":399,"caption":"Calpeda"},"image":{"@id":"https:\/\/www.calpeda.com\/it\/#\/schema\/logo\/image\/"}},{"@type":"Person","@id":"https:\/\/www.calpeda.com\/it\/#\/schema\/person\/3a4086ac4ffc9ec0bdde95c683fb4436","name":"Fabioproni","sameAs":["https:\/\/www.calpeda.com"]}]}},"_links":{"self":[{"href":"https:\/\/www.calpeda.com\/it\/wp-json\/wp\/v2\/posts\/15730","targetHints":{"allow":["GET"]}}],"collection":[{"href":"https:\/\/www.calpeda.com\/it\/wp-json\/wp\/v2\/posts"}],"about":[{"href":"https:\/\/www.calpeda.com\/it\/wp-json\/wp\/v2\/types\/post"}],"author":[{"embeddable":true,"href":"https:\/\/www.calpeda.com\/it\/wp-json\/wp\/v2\/users\/1"}],"replies":[{"embeddable":true,"href":"https:\/\/www.calpeda.com\/it\/wp-json\/wp\/v2\/comments?post=15730"}],"version-history":[{"count":0,"href":"https:\/\/www.calpeda.com\/it\/wp-json\/wp\/v2\/posts\/15730\/revisions"}],"wp:featuredmedia":[{"embeddable":true,"href":"https:\/\/www.calpeda.com\/it\/wp-json\/wp\/v2\/media\/15731"}],"wp:attachment":[{"href":"https:\/\/www.calpeda.com\/it\/wp-json\/wp\/v2\/media?parent=15730"}],"wp:term":[{"taxonomy":"category","embeddable":true,"href":"https:\/\/www.calpeda.com\/it\/wp-json\/wp\/v2\/categories?post=15730"},{"taxonomy":"post_tag","embeddable":true,"href":"https:\/\/www.calpeda.com\/it\/wp-json\/wp\/v2\/tags?post=15730"}],"curies":[{"name":"wp","href":"https:\/\/api.w.org\/{rel}","templated":true}]}}